{"id":7615,"date":"2024-01-12T09:39:20","date_gmt":"2024-01-12T08:39:20","guid":{"rendered":"https:\/\/www.mdivingshow.com\/?p=7615"},"modified":"2024-01-12T09:39:43","modified_gmt":"2024-01-12T08:39:43","slug":"cornella-epicentre-del-mon-del-busseig-del-23-al-25-de-febrer","status":"publish","type":"post","link":"https:\/\/www.mdivingshow.com\/ca\/cornella-epicentre-del-mon-del-busseig-del-23-al-25-de-febrer\/","title":{"rendered":"Cornell\u00e0, epicentre del m\u00f3n del busseig del 23 al 25 de febrer 2024"},"content":{"rendered":"<p><strong>El Mediterranean Diving Show ens portar\u00e0 l&#8217;\u00faltim en equips, les destinacions m\u00e9s innovadores, demostracions, confer\u00e8ncies i tot all\u00f2 relacionat amb el submarinisme<\/strong><\/p>\n<p>Fira de Cornell\u00e0 escalfa motors per convertir-se, un any m\u00e9s, en la capital del m\u00f3n de les activitats subaqu\u00e0tiques. Del 23 al 25 de febrer torna el Mediterranean Diving Show (MDS), el m\u00edtic Sal\u00f3 de la Immersi\u00f3 que Cornell\u00e0 va engegar fa 24 edicions. Des de llavors, la fira ha evolucionat de forma paral\u00b7lela al sector i sempre s\u2019ha erigit com a punt de trobada de professionals i practicants del busseig. Fabricants, centres d\u2019immersi\u00f3, escoles, did\u00e0ctiques, organitzacions, botigues especialitzades, ag\u00e8ncies de viatge, entitats, etc. es trobaran a Cornell\u00e0, una de les fires m\u00e9s importants d\u2019Europa de les dedicades de forma monogr\u00e0fica al submarinisme.<\/p>\n<p>La fira obrir\u00e0 les portes el divendres, 23 de febrer de 10 a 19h, el dissabte, 24 de febrer de 10 a 21h i el diumenge, 25 de febrer de 10 a 15h. Tres dies que ofereixen al visitant una \u00e0mplia superf\u00edcie expositiva en qu\u00e8 podran trobar les darreres novetats quant a equips per a immersions per a tots els nivells, des de principiants, busseig recreatiu, esportistes i per a professionals, aptes per al busseig a qualsevol fons mar\u00ed i a qualsevol temperatura, neoprens, aletes, ulleres, equips de captaci\u00f3 d&#8217;imatge subaqu\u00e0tica, il\u00b7luminacions, caixes estanques, els rellotges i els reguladors m\u00e9s innovadors, etc. La pres\u00e8ncia d&#8217;ag\u00e8ncies de viatge i centres de busseig ofereixen les millors destinacions i alternatives de vacances adaptables a qualsevol petici\u00f3. Per a aquells que busquen millorar el seu nivell, el Mediterranean Diving Show oferir\u00e0 una \u00e0mplia oferta de cursos i les did\u00e0ctiques i les organitzacions presents oferiran informaci\u00f3 sobre noves certificacions oficials i especialitzaci\u00f3 en qualsevol de les disciplines que inclou el sector de les activitats subaqu\u00e0tiques.<\/p>\n<p><strong>\u00a0<\/strong><\/p>\n<p><strong>La piscina climatitzada, protagonista de la fira<\/strong><\/p>\n<p>M\u00e9s enll\u00e0 dels estands, cada any la piscina climatitzada instal\u00b7lada al recinte aclama l&#8217;atenci\u00f3 del p\u00fablic amb demostracions d\u2019equips i materials i on tamb\u00e9 els visitants m\u00e9s petits ( a partir dels 8 anys) tenen l&#8217;opci\u00f3 de fer el primer bateig d&#8217;immersi\u00f3 amb l&#8217;ajuda d&#8217;instructors professionals. Novament aquest any la piscina ser\u00e0 un dels punts vius de la fira amb cont\u00ednua activitat durant els tres dies.<\/p>\n<p>Un altre dels punts calents del sal\u00f3, el trobarem a la sala de confer\u00e8ncies on tindran lloc una nova edici\u00f3 de les <strong>Jornades T\u00e8cniques Professionals<\/strong>, un f\u00f2rum de presentaci\u00f3 i debat de noves tend\u00e8ncies, an\u00e0lisi del present i el futur del sector i on veuen la llum noves iniciatives relacionades amb el submarinisme. A <a href=\"http:\/\/www.mdivingshow.com\">www.mdivingshow.com<\/a> ja es poden consultar les pon\u00e8ncies programades.<\/p>\n<p>Els visitants tamb\u00e9 poden gaudir d&#8217;exposicions i altres activitats que estem preparant per a un MDS que s\u2019est\u00e0 cuinant per tal que la 24ena edici\u00f3 sigui tot un \u00e8xit, avalat per la seva hist\u00f2ria i amb el suport incondicional dels principals agents del sector. Les entrades es compren directament a la taquilla durant els tres dies v\u00e0lides per a un dia i amb possibilitat d&#8217;adquirir un abonament de dos o tres dies.<\/p>\n","protected":false},"excerpt":{"rendered":"<p>El Mediterranean Diving Show ens portar\u00e0 l&#8217;\u00faltim en equips, les destinacions m\u00e9s innovadores, demostracions, confer\u00e8ncies i tot all\u00f2 relacionat amb el submarinisme Fira de Cornell\u00e0 escalfa motors per convertir-se, un any m\u00e9s, en la capital del m\u00f3n de les activitats subaqu\u00e0tiques. Del 23 al 25 de febrer torna el Mediterranean Diving Show (MDS), el m\u00edtic [&hellip;]<\/p>\n","protected":false},"author":1,"featured_media":7610,"comment_status":"closed","ping_status":"closed","sticky":false,"template":"","format":"standard","meta":{"footnotes":""},"categories":[64,49],"tags":[],"_links":{"self":[{"href":"https:\/\/www.mdivingshow.com\/ca\/wp-json\/wp\/v2\/posts\/7615"}],"collection":[{"href":"https:\/\/www.mdivingshow.com\/ca\/wp-json\/wp\/v2\/posts"}],"about":[{"href":"https:\/\/www.mdivingshow.com\/ca\/wp-json\/wp\/v2\/types\/post"}],"author":[{"embeddable":true,"href":"https:\/\/www.mdivingshow.com\/ca\/wp-json\/wp\/v2\/users\/1"}],"replies":[{"embeddable":true,"href":"https:\/\/www.mdivingshow.com\/ca\/wp-json\/wp\/v2\/comments?post=7615"}],"version-history":[{"count":3,"href":"https:\/\/www.mdivingshow.com\/ca\/wp-json\/wp\/v2\/posts\/7615\/revisions"}],"predecessor-version":[{"id":7617,"href":"https:\/\/www.mdivingshow.com\/ca\/wp-json\/wp\/v2\/posts\/7615\/revisions\/7617"}],"wp:featuredmedia":[{"embeddable":true,"href":"https:\/\/www.mdivingshow.com\/ca\/wp-json\/wp\/v2\/media\/7610"}],"wp:attachment":[{"href":"https:\/\/www.mdivingshow.com\/ca\/wp-json\/wp\/v2\/media?parent=7615"}],"wp:term":[{"taxonomy":"category","embeddable":true,"href":"https:\/\/www.mdivingshow.com\/ca\/wp-json\/wp\/v2\/categories?post=7615"},{"taxonomy":"post_tag","embeddable":true,"href":"https:\/\/www.mdivingshow.com\/ca\/wp-json\/wp\/v2\/tags?post=7615"}],"curies":[{"name":"wp","href":"https:\/\/api.w.org\/{rel}","templated":true}]}}