{"id":3133,"date":"2019-02-11T11:40:57","date_gmt":"2019-02-11T10:40:57","guid":{"rendered":"https:\/\/www.mdivingshow.com\/?p=3133"},"modified":"2019-02-11T11:40:57","modified_gmt":"2019-02-11T10:40:57","slug":"compte-enrere-per-bussejar-a-cornella-15-16-i-17-de-febrer","status":"publish","type":"post","link":"https:\/\/www.mdivingshow.com\/ca\/compte-enrere-per-bussejar-a-cornella-15-16-i-17-de-febrer\/","title":{"rendered":"Compte enrere per bussejar a Cornell\u00e0: 15, 16 i 17 de febrer"},"content":{"rendered":"<p><strong>Uns 130 expositors nacionals i internacionals es citen a la fira de busseig m\u00e9s veterana del pa\u00eds<\/strong><\/p>\n<p><strong>Confer\u00e8ncies, una passarel\u00b7la per mostrar tend\u00e8ncies, projeccions continuades, demostracions d&#8217;apnea i batejos d&#8217;immersi\u00f3, entre les activitats m\u00e9s destacades<\/strong><\/p>\n<p>A uns dies de la celebraci\u00f3 del m\u00edtic Sal\u00f3 de la Immersi\u00f3 de Fira de Cornell\u00e0 la xifra d&#8217;expositors s&#8217;acosta als 130. Entre ells figuren empreses procedents de diferents pa\u00efsos, concretament de Fran\u00e7a, Portugal, Maldives, It\u00e0lia, M\u00e8xic, Anglaterra, Indon\u00e8sia , EUA i Mo\u00e7ambic mantenint-se aquesta vint edici\u00f3 de la fira com una de les de major pes internacional. Tamb\u00e9 la seva ubicaci\u00f3 segueix sent un empla\u00e7ament estrat\u00e8gic ja que es troba en la comunitat que registra major nombre de llic\u00e8ncies federades per a la pr\u00e0ctica d&#8217;activitats subaqu\u00e0tiques amb m\u00e9s de 4.700, seguida de Gal\u00edcia amb m\u00e9s de 3.300 i de Val\u00e8ncia en tercer lloc, que supera les 3.200 llic\u00e8ncies emeses segons dades de l&#8217;\u00faltim anuari publicat pel Consell Superior d&#8217;Esports. Amb la mateixa for\u00e7a de sempre i amb el suport de grans marques arriba del 15 al 17 de febrer el Mediterranean Diving Show que obrir\u00e0 les portes el divendres i el dissabte de 10h a 21h i el diumenge de 10h a 17h.<\/p>\n<p>8.300 metres quadrats de superf\u00edcie expositiva on fabricants i marques presentaran les seves \u00faltimes novetats, les empreses vinculades al camp de la imatge subaqu\u00e0tica donaran a con\u00e8ixer les darreres tend\u00e8ncies, els centres i escoles de busseig divulgaran entre els visitants els seus atractius i les ag\u00e8ncies de viatge especialitzades promocionaran les millors destinacions. Una edici\u00f3 que celebra el seu vint\u00e8 aniversari amb un programa d&#8217;activitats paral\u00b7leles com la Passarel\u00b7la MD Show amb doble passi, el primer dissabte a les 19.30h i el segon el diumenge a les dotze del migdia. S&#8217;incorpora a l&#8217;oferta aquest any la Zona de Projeccions \/ Zona Show on es faran passis continuats de documentals com &#8220;L&#8217;evoluci\u00f3 del cinema submar\u00ed&#8221; de Manel Gil, guanyador de la Barana de Bronze al 42 Cicle Internacional de Cinema Submar\u00ed de San Sebasti\u00e0 2018. Precisament, dissabte a les 18.30h en el marc de la fira es far\u00e0 entrega del guard\u00f3 Bus d&#8217;Honor 2019 que enguany recollir\u00e0 Manel Gil.<\/p>\n<p>En la \u2018Zona Show\u2019 tamb\u00e9 s&#8217;estrenar\u00e0 la projecci\u00f3 resultant dels millors v\u00eddeos submarins participants en l&#8217;edici\u00f3 2018 del concurs de car\u00e0cter internacional FOTOVIDEOSUB amb un alt valor pedag\u00f2gic i com a element de promoci\u00f3 del submarinisme i foment de la protecci\u00f3 del medi mar\u00ed. Altres t\u00edtols que es podran veure s\u00f3n \u201cSwift, dos siglos bajo el mar\u201d, \u201cMaldivas\u201d, \u201cYoga en el mar\u201d o un documental promocional de X\u00e0bia.<\/p>\n<p>L&#8217;atenci\u00f3 del visitant tamb\u00e9 es concentrar\u00e0 al llarg dels tres dies a la piscina climatitzada instal\u00b7lada a l&#8217;interior del recinte firal. Els majors de 8 anys podran realitzar la seva primera immersi\u00f3 guiats per instructors professionals que els faran entrega del certificat del seu primer bateig. Dissabte a les 17h i diumenge a les 12,30h la piscina ser\u00e0 escenari d&#8217;una demostraci\u00f3 d&#8217;apnea est\u00e0tica a c\u00e0rrec de Miguel Lozano, doble subcampi\u00f3 del m\u00f3n en dos de les tres disciplines de profunditat (pes constant sense aletes i immersi\u00f3 lliure) . Dissabte a les 18h i el diumenge a partir de les 10,30h la Federaci\u00f3 Catalana d&#8217;Activitats Subaqu\u00e0tiques realitzaran activitats d&#8217;apnea a la piscina enfocada, sobretot, als m\u00e9s petits.<\/p>\n<p>Finalment, de forma paral\u00b7lela al Mediterranean Diving Show es celebra cada any les Jornades T\u00e8cniques Professionals. Confer\u00e8ncies, presentacions i taules rodones que converteixen l&#8217;espai en un lloc de reflexi\u00f3 sobre el present i el futur del sector. Destaquen confer\u00e8ncies amb t\u00edtols com \u201cLos or\u00edgenes de la arqueolog\u00eda subacu\u00e1tica en la Patagonia\u201d, \u201cEl proyecto Hira, de Dan: la cultura de la seguridad en el buceo\u201d, \u201cC\u00e1maras sin espejo en fotograf\u00eda\u201d, \u201cTratando con tiburones\u201d, etc.<\/p>\n<p style=\"text-align: right;\"><strong><em>11 febrer 2019 <\/em><\/strong><\/p>\n","protected":false},"excerpt":{"rendered":"<p>Uns 130 expositors nacionals i internacionals es citen a la fira de busseig m\u00e9s veterana del pa\u00eds Confer\u00e8ncies, una passarel\u00b7la per mostrar tend\u00e8ncies, projeccions continuades, demostracions d&#8217;apnea i batejos d&#8217;immersi\u00f3, entre les activitats m\u00e9s destacades A uns dies de la celebraci\u00f3 del m\u00edtic Sal\u00f3 de la Immersi\u00f3 de Fira de Cornell\u00e0 la xifra d&#8217;expositors s&#8217;acosta [&hellip;]<\/p>\n","protected":false},"author":1,"featured_media":3127,"comment_status":"closed","ping_status":"closed","sticky":false,"template":"","format":"standard","meta":{"footnotes":""},"categories":[49],"tags":[],"_links":{"self":[{"href":"https:\/\/www.mdivingshow.com\/ca\/wp-json\/wp\/v2\/posts\/3133"}],"collection":[{"href":"https:\/\/www.mdivingshow.com\/ca\/wp-json\/wp\/v2\/posts"}],"about":[{"href":"https:\/\/www.mdivingshow.com\/ca\/wp-json\/wp\/v2\/types\/post"}],"author":[{"embeddable":true,"href":"https:\/\/www.mdivingshow.com\/ca\/wp-json\/wp\/v2\/users\/1"}],"replies":[{"embeddable":true,"href":"https:\/\/www.mdivingshow.com\/ca\/wp-json\/wp\/v2\/comments?post=3133"}],"version-history":[{"count":2,"href":"https:\/\/www.mdivingshow.com\/ca\/wp-json\/wp\/v2\/posts\/3133\/revisions"}],"predecessor-version":[{"id":3135,"href":"https:\/\/www.mdivingshow.com\/ca\/wp-json\/wp\/v2\/posts\/3133\/revisions\/3135"}],"wp:featuredmedia":[{"embeddable":true,"href":"https:\/\/www.mdivingshow.com\/ca\/wp-json\/wp\/v2\/media\/3127"}],"wp:attachment":[{"href":"https:\/\/www.mdivingshow.com\/ca\/wp-json\/wp\/v2\/media?parent=3133"}],"wp:term":[{"taxonomy":"category","embeddable":true,"href":"https:\/\/www.mdivingshow.com\/ca\/wp-json\/wp\/v2\/categories?post=3133"},{"taxonomy":"post_tag","embeddable":true,"href":"https:\/\/www.mdivingshow.com\/ca\/wp-json\/wp\/v2\/tags?post=3133"}],"curies":[{"name":"wp","href":"https:\/\/api.w.org\/{rel}","templated":true}]}}