{"id":2482,"date":"2019-01-15T12:23:12","date_gmt":"2019-01-15T11:23:12","guid":{"rendered":"https:\/\/www.mdivingshow.com\/?p=2482"},"modified":"2019-01-30T11:10:52","modified_gmt":"2019-01-30T10:10:52","slug":"xx-mediterranean-diving-show-del-15-al-17-de-febrer-de-2019","status":"publish","type":"post","link":"https:\/\/www.mdivingshow.com\/ca\/xx-mediterranean-diving-show-del-15-al-17-de-febrer-de-2019\/","title":{"rendered":"XX Mediterranean Diving Show: del 15 al 17 de febrer de 2019"},"content":{"rendered":"<p><strong>Cornell\u00e0 es prepara per convertir-se durant tres dies en la capital del m\u00f3n de les activitats subaqu\u00e0tiques liderant la fira m\u00e9s veterana del pa\u00eds dedicada al busseig<\/strong><\/p>\n<p>En poc m\u00e9s d&#8217;un mes, Fira de Cornell\u00e0 tornar\u00e0 a rebre la visita de milers de professionals, aficionats i practicants de submarinisme. I \u00e9s que del 15 al 17 de febrer se celebra la vint edici\u00f3 de la <strong>m\u00edtica fira de submarinisme que enguany es rebateja<\/strong> amb el nom de Mediterranean Diving Show. Nova denominaci\u00f3 per\u00f2 mantenint el prestigi assolit en els vint anys d&#8217;hist\u00f2ria del sal\u00f3 considerat un espai de refer\u00e8ncia en el calendari europeu de fires de busseig i emparat pel sector que, un cop m\u00e9s, torna a donar el seu suport amb la pres\u00e8ncia a la fira de les millors marques, fabricants, distribu\u00efdors, did\u00e0ctiques, escoles, centres de busseig, ag\u00e8ncies de viatge especialitzades, federacions &#8230; tots els agents relacionats amb el m\u00f3n de les activitats subaqu\u00e0tiques. Entre les novetats, l&#8217;estrella ser\u00e0 <strong>la Passarel\u00b7la del MDShow<\/strong>, desfilades que s&#8217;organitzaran per a la tarda de dissabte i el mat\u00ed de diumenge en qu\u00e8 diferents marques presentaran les seves novetats: neoprens, aletes, ampolles d&#8217;oxigen, ulleres, etc. A la <strong>&#8216;Zona Show&#8217;<\/strong> tamb\u00e9 es programaran de manera continuada passis de v\u00eddeos i pel\u00b7l\u00edcules de tem\u00e0tica submarina de reconeguda popularitat internacional.<\/p>\n<p><strong>\u00a0<\/strong><\/p>\n<p><strong>Pres\u00e8ncia internacional i grans marques<\/strong><\/p>\n<p>Marques como Cressi, Suunto,\u00a0 Beuchat Sub Espa\u00f1a SAU, De Profundis, Freatic Sport, Garmin o OMS Ib\u00e9rica seran presents a la fira i donaran a con\u00e8ixer els seus materials d&#8217;\u00faltima generaci\u00f3. Una edici\u00f3 que de nou torna a atreure l&#8217;atenci\u00f3 d&#8217;expositors internacionals procedents de pa\u00efsos com Portugal, Fran\u00e7a, Maldives, It\u00e0lia, M\u00e8xic, Anglaterra, Malta, Estats Units d&#8217;Am\u00e8rica (EUA) o Mo\u00e7ambic. El sal\u00f3 torna a comptar amb el suport d&#8217;institucions com el Patronat Provincial de Turisme de Castell\u00f3, Institut de Turisme de la Regi\u00f3 de M\u00farcia, Departament de Turisme de X\u00e0bia de la Comunitat Valenciana, Direcci\u00f3 General de Pesca i Afers Mar\u00edtims de la Generalitat de Catalunya, a m\u00e9s de la Federaci\u00f3 Catalana d&#8217;Activitats Subaqu\u00e0tiques de Catalunya i cossos de salvament subaqu\u00e0tic com la unitat de Bombers de la Generalitat i la Unitat de Suport a Emerg\u00e8ncia Subaqu\u00e0tica d&#8217;Espanya.<\/p>\n<p>&nbsp;<\/p>\n<p><strong>Confer\u00e8ncies, presentacions, desfilades, projecci\u00f3 d&#8217;audiovisuals a la &#8216;Zona Show&#8217;<\/strong><\/p>\n<p>Per commemorar el vint aniversari del MDShow s&#8217;han programat diferents activitats que complementen la superf\u00edcie expositiva de la fira. Algunes d&#8217;aquestes propostes ja s&#8217;han anat realitzant en anteriors edicions com les Jornades T\u00e8cniques Professionals amb confer\u00e8ncies interessants sobre el sector o la presentaci\u00f3 de novetats per part de les marques en el marc de la fira.<\/p>\n<p>La novetat aquest any estar\u00e0 a la &#8216;Zona Show&#8217; on es projectaran cont\u00ednuament audiovisuals de prestigi com el documental <strong>&#8216;L&#8217;evoluci\u00f3 del cinema submar\u00ed&#8217; de l&#8217;autor Manel Gil que ha rebut <em>La Barandilla<\/em> de Bronze al millor documental atorgat en el 42 Cicle Internacional de Cinema Submar\u00ed de Sant Sebasti\u00e0<\/strong> al novembre passat. El MDShow comptar\u00e0 amb la pres\u00e8ncia del recentment guardonat. A la &#8216;Zona Show&#8217; tamb\u00e9 s&#8217;estrenar\u00e0 la projecci\u00f3 resultant dels millors v\u00eddeos submarins participants en l&#8217;edici\u00f3 2018 del concurs de car\u00e0cter internacional FOTOVIDEOSUB amb un alt valor pedag\u00f2gic i com a element de promoci\u00f3 del submarinisme i foment de la protecci\u00f3 del medi mar\u00ed. L&#8217;organitzaci\u00f3 de FOTOVIDEOSUB aprofitar\u00e0 la fira per presentar l&#8217;edici\u00f3 2019 dels concursos de v\u00eddeo submar\u00ed i fotografia submarina.<\/p>\n<p>La piscina climatitzada instal\u00b7lada a l&#8217;interior del recinte de Cornell\u00e0 tamb\u00e9 ser\u00e0 focus d&#8217;atenci\u00f3 durant els tres dies de fira. Instructors titulats oferiran als m\u00e9s petits la possibilitat de realitzar el seu primer bateig d&#8217;immersi\u00f3, abillats amb neoprens i amb els equips necessaris per a poder submergir-se. La piscina tamb\u00e9 ser\u00e0 el marc en el qual es realitzaran demostracions i en aquesta ocasi\u00f3 el MDShow comptar\u00e0 amb la pres\u00e8ncia del apneista professional, Miguel Lozano, doble subcampi\u00f3 del m\u00f3n en dos de les tres disciplines de profunditat (pes constant sense aletes i immersi\u00f3 lliure) .<\/p>\n<p>La 20 edici\u00f3 del m\u00edtic Sal\u00f3 de la Immersi\u00f3 de Cornell\u00e0 arriba del 15 al 17 de febrer convertint-se en el millor aparador del m\u00f3n de les activitats subaqu\u00e0tiques del pa\u00eds.<\/p>\n<p>&nbsp;<\/p>\n<p><strong><img decoding=\"async\" loading=\"lazy\" class=\"wp-image-1060 size-medium alignleft\" src=\"https:\/\/www.mdivingshow.com\/wp-content\/uploads\/2018\/10\/Poster-Edicion-2019-Catalan-213x300.jpg\" alt=\"\" width=\"213\" height=\"300\" srcset=\"https:\/\/www.mdivingshow.com\/wp-content\/uploads\/2018\/10\/Poster-Edicion-2019-Catalan-213x300.jpg 213w, https:\/\/www.mdivingshow.com\/wp-content\/uploads\/2018\/10\/Poster-Edicion-2019-Catalan-768x1082.jpg 768w, https:\/\/www.mdivingshow.com\/wp-content\/uploads\/2018\/10\/Poster-Edicion-2019-Catalan-731x1030.jpg 731w, https:\/\/www.mdivingshow.com\/wp-content\/uploads\/2018\/10\/Poster-Edicion-2019-Catalan-1064x1500.jpg 1064w, https:\/\/www.mdivingshow.com\/wp-content\/uploads\/2018\/10\/Poster-Edicion-2019-Catalan-500x705.jpg 500w, https:\/\/www.mdivingshow.com\/wp-content\/uploads\/2018\/10\/Poster-Edicion-2019-Catalan-450x634.jpg 450w\" sizes=\"(max-width: 213px) 100vw, 213px\" \/><\/strong><\/p>\n<p><strong>XX Mediterranena Diving<\/strong><\/p>\n<p><strong>15, 16 i 17 de febrer de 2019<\/strong><\/p>\n<p><strong>Divendres i dissabte: de 10h a 21h<\/strong><\/p>\n<p><strong>Diumenge: de 10h a 17h.<\/strong><\/p>\n<p><strong>Preu entrada: 6\u20ac<\/strong><\/p>\n<p><strong>Web:<\/strong><strong> <a href=\"http:\/\/www.mdivingshow.com\">www.mdivingshow.com<\/a> <\/strong><\/p>\n<p><strong>\u00a0<\/strong><\/p>\n","protected":false},"excerpt":{"rendered":"<p>Cornell\u00e0 es prepara per convertir-se durant tres dies en la capital del m\u00f3n de les activitats subaqu\u00e0tiques liderant la fira m\u00e9s veterana del pa\u00eds dedicada al busseig En poc m\u00e9s d&#8217;un mes, Fira de Cornell\u00e0 tornar\u00e0 a rebre la visita de milers de professionals, aficionats i practicants de submarinisme. I \u00e9s que del 15 al [&hellip;]<\/p>\n","protected":false},"author":1,"featured_media":2476,"comment_status":"closed","ping_status":"closed","sticky":false,"template":"","format":"standard","meta":{"footnotes":""},"categories":[49],"tags":[],"_links":{"self":[{"href":"https:\/\/www.mdivingshow.com\/ca\/wp-json\/wp\/v2\/posts\/2482"}],"collection":[{"href":"https:\/\/www.mdivingshow.com\/ca\/wp-json\/wp\/v2\/posts"}],"about":[{"href":"https:\/\/www.mdivingshow.com\/ca\/wp-json\/wp\/v2\/types\/post"}],"author":[{"embeddable":true,"href":"https:\/\/www.mdivingshow.com\/ca\/wp-json\/wp\/v2\/users\/1"}],"replies":[{"embeddable":true,"href":"https:\/\/www.mdivingshow.com\/ca\/wp-json\/wp\/v2\/comments?post=2482"}],"version-history":[{"count":4,"href":"https:\/\/www.mdivingshow.com\/ca\/wp-json\/wp\/v2\/posts\/2482\/revisions"}],"predecessor-version":[{"id":2904,"href":"https:\/\/www.mdivingshow.com\/ca\/wp-json\/wp\/v2\/posts\/2482\/revisions\/2904"}],"wp:featuredmedia":[{"embeddable":true,"href":"https:\/\/www.mdivingshow.com\/ca\/wp-json\/wp\/v2\/media\/2476"}],"wp:attachment":[{"href":"https:\/\/www.mdivingshow.com\/ca\/wp-json\/wp\/v2\/media?parent=2482"}],"wp:term":[{"taxonomy":"category","embeddable":true,"href":"https:\/\/www.mdivingshow.com\/ca\/wp-json\/wp\/v2\/categories?post=2482"},{"taxonomy":"post_tag","embeddable":true,"href":"https:\/\/www.mdivingshow.com\/ca\/wp-json\/wp\/v2\/tags?post=2482"}],"curies":[{"name":"wp","href":"https:\/\/api.w.org\/{rel}","templated":true}]}}