{"id":1211,"date":"2017-03-01T16:54:26","date_gmt":"2017-03-01T15:54:26","guid":{"rendered":"https:\/\/www.mdivingshow.com\/?p=1211"},"modified":"2018-10-10T16:55:49","modified_gmt":"2018-10-10T15:55:49","slug":"el-salo-de-la-immersio-2017-sacomiada-posicionant-se-entre-les-millors-fires-del-sector-a-europa","status":"publish","type":"post","link":"https:\/\/www.mdivingshow.com\/ca\/el-salo-de-la-immersio-2017-sacomiada-posicionant-se-entre-les-millors-fires-del-sector-a-europa\/","title":{"rendered":"El Sal\u00f3 de la Immersi\u00f3 2017 s\u2019acomiada posicionant-se entre les millors fires del sector a Europa"},"content":{"rendered":"<p><strong>Tanca les seves portes avui diumenge l\u2019edici\u00f3 dels bons n\u00fameros, amb un 30% m\u00e9s d\u2019expositors, empreses de deu pa\u00efsos diferents i amb uns 15.000 visitants <\/strong><\/p>\n<p>A les 15h d\u2019avui diumenge s\u2019ha acomiadat el XVIII Sal\u00f3 de la Immersi\u00f3. Aquesta ha estat l\u2019edici\u00f3 dels bons n\u00fameros. Gaireb\u00e9 150 expositors, un 30% m\u00e9s que l\u2019any 2016, empreses procedents de deu pa\u00efsos diferents, uns 15.000 visitants tot i que enguany tanquem la fira la tarda de diumenge, un sector amb bona salut amb m\u00e9s de 15 milions de bussejadors recreatius en tot el m\u00f3n, unes 28.000 llic\u00e8ncies federatives a Espanya liderant Catalunya amb m\u00e9s de 200 centres d\u2019immersi\u00f3 autoritzats i una facturaci\u00f3 que oscil\u00b7la entre els 20 i els 30 milions d\u2019euros anuals. En definitiva, un cop m\u00e9s aquests tres dies de fira, han posat de manifest que el Mediterranean Diving \u00e9s el punt de refer\u00e8ncia per al sector de les activitats subaqu\u00e0tiques i, a m\u00e9s, es posiciona entre les grans fires del sector en Europa.<\/p>\n<p>El visitant de caire m\u00e9s professional de divendres, ha deixat pas a un p\u00fablic molt m\u00e9s familiar que s\u2019ha apropat a Fira de Cornell\u00e0 tant dissabte com diumenge. En termes generals, el visitant busca con\u00e8ixer els materials de darrera generaci\u00f3, les prestacions dels equips de captaci\u00f3 d\u2019imatge subaqu\u00e0tica que cada cop t\u00e9 m\u00e9s aficionats i, en tercer lloc, ofertes en destinacions per organitzar les properes sortides d\u2019immersi\u00f3. Enguany, es torna a deixar const\u00e0ncia que el bussejador recreatiu busca fons marins atractius per\u00f2 tamb\u00e9 zones que puguin oferir encants tur\u00edstics. Aix\u00f2 confirma la import\u00e0ncia del sector en l\u2019anomenada \u2018economia blava\u2019. Per exemple, a Catalunya la despesa mitja de turisme lligat al busseig \u00e9s d\u2019uns 100 milions d\u2019euros l\u2019any, dels quals, el 20% es gasten en el centre de busseig i el 80% restant correspon a serveis com a pernoctacions, restauraci\u00f3, oci, etc.<\/p>\n<p>En la fira tamb\u00e9 s\u2019ha posat de manifest que les activitats subaqu\u00e0tiques engloben un gran n\u00famero de disciplines molt m\u00e9s enll\u00e0 del busseig. Entre les m\u00e9s sorprenents hem pogut con\u00e8ixer<\/p>\n<p>fins i tot el hoquei subaqu\u00e0tic o el rugbi subaqu\u00e0tic. Per\u00f2 de totes elles \u00e9s l\u2019apnea la que m\u00e9s boom est\u00e0 experimentant en aquests moments.\u00a0 I aix\u00ed ho constatat a la piscina instal\u00b7lada en el recinte firal per la gran expectaci\u00f3 que han tingut les demostracions que han fet diversos posse\u00efdors de t\u00edtols nacionals i internacionals d\u2019apnea est\u00e0tica.<\/p>\n<p>En la piscina, un gran n\u00famero de nens i nenes han fet el seu primer baptisme d\u2019immersi\u00f3 i han marxat amb el corresponent certificat. Altra punt d\u2019atenci\u00f3 han estat les Jornades T\u00e8cniques Professionals que s\u2019han celebrat en el marc del Sal\u00f3 de la Immersi\u00f3 amb m\u00e0xima expectaci\u00f3 en pon\u00e8ncies esperades com la xerrada sobre \u2018Accidentabilitat en el busseig\u2019 a c\u00e0rrec de Dan Europe o la taula rodona \u2018Exploradors del mar\u2019.<\/p>\n<p>Amb aquesta empenta acomiadem el XVIII Sal\u00f3 de la Immersi\u00f3 amb la satisfacci\u00f3 que hem pogut captar dels expositors i dels visitants i buscant ja les noves dades per a 2018.<\/p>\n","protected":false},"excerpt":{"rendered":"<p>Tanca les seves portes avui diumenge l\u2019edici\u00f3 dels bons n\u00fameros, amb un 30% m\u00e9s d\u2019expositors, empreses de deu pa\u00efsos diferents i amb uns 15.000 visitants A les 15h d\u2019avui diumenge s\u2019ha acomiadat el XVIII Sal\u00f3 de la Immersi\u00f3. Aquesta ha estat l\u2019edici\u00f3 dels bons n\u00fameros. Gaireb\u00e9 150 expositors, un 30% m\u00e9s que l\u2019any 2016, empreses [&hellip;]<\/p>\n","protected":false},"author":1,"featured_media":0,"comment_status":"open","ping_status":"open","sticky":false,"template":"","format":"standard","meta":{"footnotes":""},"categories":[49],"tags":[],"_links":{"self":[{"href":"https:\/\/www.mdivingshow.com\/ca\/wp-json\/wp\/v2\/posts\/1211"}],"collection":[{"href":"https:\/\/www.mdivingshow.com\/ca\/wp-json\/wp\/v2\/posts"}],"about":[{"href":"https:\/\/www.mdivingshow.com\/ca\/wp-json\/wp\/v2\/types\/post"}],"author":[{"embeddable":true,"href":"https:\/\/www.mdivingshow.com\/ca\/wp-json\/wp\/v2\/users\/1"}],"replies":[{"embeddable":true,"href":"https:\/\/www.mdivingshow.com\/ca\/wp-json\/wp\/v2\/comments?post=1211"}],"version-history":[{"count":3,"href":"https:\/\/www.mdivingshow.com\/ca\/wp-json\/wp\/v2\/posts\/1211\/revisions"}],"predecessor-version":[{"id":1214,"href":"https:\/\/www.mdivingshow.com\/ca\/wp-json\/wp\/v2\/posts\/1211\/revisions\/1214"}],"wp:attachment":[{"href":"https:\/\/www.mdivingshow.com\/ca\/wp-json\/wp\/v2\/media?parent=1211"}],"wp:term":[{"taxonomy":"category","embeddable":true,"href":"https:\/\/www.mdivingshow.com\/ca\/wp-json\/wp\/v2\/categories?post=1211"},{"taxonomy":"post_tag","embeddable":true,"href":"https:\/\/www.mdivingshow.com\/ca\/wp-json\/wp\/v2\/tags?post=1211"}],"curies":[{"name":"wp","href":"https:\/\/api.w.org\/{rel}","templated":true}]}}