{"id":1192,"date":"2016-03-01T12:15:34","date_gmt":"2016-03-01T11:15:34","guid":{"rendered":"https:\/\/www.mdivingshow.com\/el-90-de-los-expositores-del-mediterranean-diving-confirman-su-grado-de-satisfaccion-y-auguran-volver-el-ano-que-viene\/"},"modified":"2018-10-10T16:49:33","modified_gmt":"2018-10-10T15:49:33","slug":"el-90-dels-expositors-del-mediterranean-diving-confirmen-el-seu-grau-de-satisfaccio-i-auguren-tornar-lany-vinent","status":"publish","type":"post","link":"https:\/\/www.mdivingshow.com\/ca\/el-90-dels-expositors-del-mediterranean-diving-confirmen-el-seu-grau-de-satisfaccio-i-auguren-tornar-lany-vinent\/","title":{"rendered":"El 90% dels expositors del Mediterranean Diving confirmen el seu grau de satisfacci\u00f3 i auguren tornar l\u2019any vinent"},"content":{"rendered":"<p><strong>El Campi\u00f3 Mundial d\u2019Apnea Est\u00e0tica, Aleix Segura, posa el punt i final al Sal\u00f3 de la Immersi\u00f3 aconseguint aquesta tarda el Guinness World Record amb 24:03 minuts d\u2019apnea.<\/strong><\/p>\n<p>Era tot un repte i ho ha assolit. El Campi\u00f3 Mundial d\u2019Apnea Est\u00e0tica, Aleix Segura, ha aconseguit el Guinness World Record ventilant pr\u00e8viament amb oxigen, arribant als 24:03 minuts d\u2019apnea. En una fira plena de gom a gom, la prova ha posat punt i final a tres dies d\u2019un sal\u00f3 dedicat \u00edntegrament al m\u00f3n de les activitats subaqu\u00e0tiques. El 90% dels expositors del XVII Mediterranean Diving confirmen un alt grau de satisfacci\u00f3 per la seva participaci\u00f3 en el Sal\u00f3 de la Immersi\u00f3 i revelen que tornaran a exposar l&#8217;any vinent. \u00a0Un balan\u00e7 positiu del sal\u00f3 que referma el seu posicionament com a referent per al m\u00f3n del busseig. En la fira ha exposat m\u00e9s d&#8217;un centenar de firmes, entre fabricants, distribu\u00efdors, ag\u00e8ncies de viatges, centres de busseig, etc. Gaireb\u00e9 en la seva totalitat manifesten haver aconseguit el seu objectiu: promocionar la seva activitat o el seu producte, donar-se a con\u00e8ixer, networking entre els propis expositors, tancar acords de negoci, o fins i tot, formalitzar les reserves de packs vacacionals amb estades i immersions, en el cas dels centres de busseig i de les ag\u00e8ncies de viatges especialitzades. Pr\u00e0cticament tots els expositors que venien a la fira per primera vegada tamb\u00e9 asseguren una predisposici\u00f3 clara per tornar a participar en l&#8217;edici\u00f3 2017. Aix\u00ed, la fira m\u00e9s veterana del pa\u00eds tanca les seves portes assentant ja les bases per treballar en el Mediterranean Diving 2017, quan aconseguir\u00e0 la majoria d&#8217;edat.<\/p>\n<p>Sens dubte en aquest darrer dia de fira l\u2019atenci\u00f3 s\u2019ha focalitzat en la piscina en la qual, \u00a0l\u2019apneista Aleix Segura, ha batut el Record Guiness d\u2019Apnea Est\u00e0tica amb un temps de 24:03 minuts. Per\u00f2 al llarg del cap de setmana moltes s\u00f3n les persones que han parat atenci\u00f3 en l\u2019activitat que es feia a la piscina en la qual la FECDAS ha desenvolupat tallers d\u2019apnea i els nens i nenes d\u2019entre 8 i 12 anys tamb\u00e9 han pogut practicar els seus primers batejos d\u2019immersi\u00f3.<\/p>\n<p>Entre els productes m\u00e9s innovadors presentats al llarg del cap de setmana en Fira de Cornell\u00e0 destaca l&#8217;ordinador d&#8217;apnea m\u00e9s avan\u00e7at de la marca Cressi, de la m\u00e0 de De Profundis l\u2019Evoque, el nou vestit humit de Bare femen\u00ed que mant\u00e9 la temperatura corporal fins a 5 graus per sobre del neopr\u00e8 normal o el vestit sec X-Mission Tech Dry, la renovada col\u00b7lecci\u00f3 per a apnea de la firma Mares o entre els instruments m\u00e9s t\u00e8cnics, Bauer ha presentat el seu nou compressor silenci\u00f3s i compacte amb un gran rendiment. Quant a destinacions, el visitant continua atret per les destinacions tradicionals com Maldives, Filipines o Mar Roig, encara que cada vegada m\u00e9s el visitant amb perfil m\u00e9s familiar es decanta tamb\u00e9 pels fons submarins m\u00e9s propers com a Costa Brava o Illes Can\u00e0ries, entre altres.<\/p>\n<p>Quant al perfil del visitant, sol tenir entre 30-45 anys. S\u00f3n bussejadors practicants que visiten la fira amb la intenci\u00f3 de con\u00e8ixer les novetats que ofereix el sector. El divendres, va ser un p\u00fablic m\u00e9s professional per donar pas a un p\u00fablic molt m\u00e9s familiar durant el cap de setmana.<\/p>\n","protected":false},"excerpt":{"rendered":"<p>El Campi\u00f3 Mundial d\u2019Apnea Est\u00e0tica, Aleix Segura, posa el punt i final al Sal\u00f3 de la Immersi\u00f3 aconseguint aquesta tarda el Guinness World Record amb 24:03 minuts d\u2019apnea. Era tot un repte i ho ha assolit. El Campi\u00f3 Mundial d\u2019Apnea Est\u00e0tica, Aleix Segura, ha aconseguit el Guinness World Record ventilant pr\u00e8viament amb oxigen, arribant als [&hellip;]<\/p>\n","protected":false},"author":1,"featured_media":0,"comment_status":"open","ping_status":"open","sticky":false,"template":"","format":"standard","meta":{"footnotes":""},"categories":[49],"tags":[],"_links":{"self":[{"href":"https:\/\/www.mdivingshow.com\/ca\/wp-json\/wp\/v2\/posts\/1192"}],"collection":[{"href":"https:\/\/www.mdivingshow.com\/ca\/wp-json\/wp\/v2\/posts"}],"about":[{"href":"https:\/\/www.mdivingshow.com\/ca\/wp-json\/wp\/v2\/types\/post"}],"author":[{"embeddable":true,"href":"https:\/\/www.mdivingshow.com\/ca\/wp-json\/wp\/v2\/users\/1"}],"replies":[{"embeddable":true,"href":"https:\/\/www.mdivingshow.com\/ca\/wp-json\/wp\/v2\/comments?post=1192"}],"version-history":[{"count":3,"href":"https:\/\/www.mdivingshow.com\/ca\/wp-json\/wp\/v2\/posts\/1192\/revisions"}],"predecessor-version":[{"id":1203,"href":"https:\/\/www.mdivingshow.com\/ca\/wp-json\/wp\/v2\/posts\/1192\/revisions\/1203"}],"wp:attachment":[{"href":"https:\/\/www.mdivingshow.com\/ca\/wp-json\/wp\/v2\/media?parent=1192"}],"wp:term":[{"taxonomy":"category","embeddable":true,"href":"https:\/\/www.mdivingshow.com\/ca\/wp-json\/wp\/v2\/categories?post=1192"},{"taxonomy":"post_tag","embeddable":true,"href":"https:\/\/www.mdivingshow.com\/ca\/wp-json\/wp\/v2\/tags?post=1192"}],"curies":[{"name":"wp","href":"https:\/\/api.w.org\/{rel}","templated":true}]}}